{"id":916,"date":"2011-03-08T13:08:52","date_gmt":"2011-03-08T18:08:52","guid":{"rendered":"http:\/\/cdnsba.org\/?p=916"},"modified":"2011-03-08T13:08:52","modified_gmt":"2011-03-08T18:08:52","slug":"newfoundland-and-labrador-education-week-2011","status":"publish","type":"post","link":"https:\/\/www.cdnsba.org\/fr\/2011\/03\/08\/newfoundland-and-labrador-education-week-2011\/","title":{"rendered":"Semaine de l'\u00e9ducation 2011 \u00e0 Terre-Neuve-et-Labrador"},"content":{"rendered":"<p><a href=\"http:\/\/cdnsba.org\/wp-content\/uploads\/2011\/03\/edwk_logo.jpeg\"><img decoding=\"async\" class=\"alignright size-full wp-image-920 lazyload\" title=\"edwk_logo\" data-src=\"http:\/\/cdnsba.org\/wp-content\/uploads\/2011\/03\/edwk_logo.jpeg\" alt=\"\" width=\"144\" height=\"168\" src=\"data:image\/svg+xml;base64,PHN2ZyB3aWR0aD0iMSIgaGVpZ2h0PSIxIiB4bWxucz0iaHR0cDovL3d3dy53My5vcmcvMjAwMC9zdmciPjwvc3ZnPg==\" style=\"--smush-placeholder-width: 144px; --smush-placeholder-aspect-ratio: 144\/168;\" \/><\/a>L'honorable Joan Burke, ministre de l'\u00c9ducation de Terre-Neuve-et-Labrador, a lanc\u00e9 hier la Semaine de l'\u00e9ducation dans la province par le biais d'une webdiffusion interactive. C'\u00e9tait un bon d\u00e9but pour le th\u00e8me de 2011, \u00e0 savoir \"l'\u00e9ducation pour tous\".<em>Je pense. Je peux. - iThink. iCan !, Penser, c'est pouvoir. - iPenser. iPouvoir !<\/em> qui traite de la technologie, du d\u00e9veloppement personnel et de la communaut\u00e9.<\/p>\n<blockquote><p>Le lancement de ce matin \u00e9tait r\u00e9v\u00e9lateur des avanc\u00e9es technologiques pr\u00e9sentes dans nos \u00e9coles au 21e si\u00e8cle... la technologie est utilis\u00e9e dans l'ensemble du programme d'\u00e9tudes pour am\u00e9liorer l'enseignement et l'apprentissage. Elle fait entrer le monde dans la salle de classe et, comme nous l'avons constat\u00e9 ce matin, elle a le pouvoir de r\u00e9unir des groupes de personnes pour apprendre, explorer ou c\u00e9l\u00e9brer.<\/p>\n<p>L'honorable Joan Burke<\/p><\/blockquote>\n<p>La province a investi massivement dans la technologie pour la maternelle et le secondaire, ainsi que dans la technologie et l'infrastructure pour l'apprentissage en ligne. Pour plus d'informations sur les initiatives en mati\u00e8re d'apprentissage en ligne dans la province, voir le site <a href=\"http:\/\/www.cdli.ca\/\" target=\"_blank\" rel=\"noopener\">Centre d'enseignement \u00e0 distance et d'innovation<\/a>.<\/p>\n<p>Acc\u00e9der \u00e0 la liste compl\u00e8te des \u00e9v\u00e9nements de la semaine de l'\u00e9ducation \u00e0 Terre-Neuve-et-Labrador\u00a0<a href=\"http:\/\/www.nlta.nl.ca\/edwk_list11\" target=\"_blank\" rel=\"noopener\">ici<\/a>.<\/p>","protected":false},"excerpt":{"rendered":"<p>L'honorable Joan Burke, ministre de l'\u00e9ducation de Terre-Neuve-et-Labrador, a lanc\u00e9 hier la semaine de l'\u00e9ducation dans la province par le biais d'une webdiffusion interactive. C'\u00e9tait un bon d\u00e9but pour le th\u00e8me de 2011 \"I Think. Je pense. Je peux. - Penser, c'est pouvoir. - iPenser. iPouvoir ! qui aborde la technologie, le d\u00e9veloppement personnel et la communaut\u00e9. Le lancement de ce matin...<\/p>","protected":false},"author":1,"featured_media":0,"comment_status":"open","ping_status":"open","sticky":false,"template":"","format":"standard","meta":{"_kad_blocks_custom_css":"","_kad_blocks_head_custom_js":"","_kad_blocks_body_custom_js":"","_kad_blocks_footer_custom_js":"","_EventAllDay":false,"_EventTimezone":"","_EventStartDate":"","_EventEndDate":"","_EventStartDateUTC":"","_EventEndDateUTC":"","_EventShowMap":false,"_EventShowMapLink":false,"_EventURL":"","_EventCost":"","_EventCostDescription":"","_EventCurrencySymbol":"","_EventCurrencyCode":"","_EventCurrencyPosition":"","_EventDateTimeSeparator":"","_EventTimeRangeSeparator":"","_EventOrganizerID":[],"_EventVenueID":[],"_OrganizerEmail":"","_OrganizerPhone":"","_OrganizerWebsite":"","_VenueAddress":"","_VenueCity":"","_VenueCountry":"","_VenueProvince":"","_VenueState":"","_VenueZip":"","_VenuePhone":"","_VenueURL":"","_VenueStateProvince":"","_VenueLat":"","_VenueLng":"","_VenueShowMap":false,"_VenueShowMapLink":false,"_kad_post_transparent":"","_kad_post_title":"","_kad_post_layout":"","_kad_post_sidebar_id":"","_kad_post_content_style":"","_kad_post_vertical_padding":"","_kad_post_feature":"","_kad_post_feature_position":"","_kad_post_header":false,"_kad_post_footer":false,"_kad_post_classname":"","footnotes":""},"categories":[5,28],"tags":[6,76,77,24],"class_list":["post-916","post","type-post","status-publish","format-standard","hentry","category-announcements","category-education-in-canada","tag-announcements","tag-education-week","tag-newfoundland-and-labrador","tag-technology"],"taxonomy_info":{"category":[{"value":5,"label":"Announcements"},{"value":28,"label":"Education in Canada"}],"post_tag":[{"value":6,"label":"Announcements"},{"value":76,"label":"education week"},{"value":77,"label":"Newfoundland and Labrador"},{"value":24,"label":"technology"}]},"featured_image_src_large":false,"author_info":{"display_name":"digitalfusion","author_link":"https:\/\/www.cdnsba.org\/fr\/author\/digitalfusion\/"},"comment_info":0,"category_info":[{"term_id":5,"name":"Announcements","slug":"announcements","term_group":0,"term_taxonomy_id":5,"taxonomy":"category","description":"","parent":0,"count":164,"filter":"raw","cat_ID":5,"category_count":164,"category_description":"","cat_name":"Announcements","category_nicename":"announcements","category_parent":0},{"term_id":28,"name":"Education in Canada","slug":"education-in-canada","term_group":0,"term_taxonomy_id":28,"taxonomy":"category","description":"","parent":0,"count":60,"filter":"raw","cat_ID":28,"category_count":60,"category_description":"","cat_name":"Education in Canada","category_nicename":"education-in-canada","category_parent":0}],"tag_info":[{"term_id":6,"name":"Announcements","slug":"announcements","term_group":0,"term_taxonomy_id":6,"taxonomy":"post_tag","description":"","parent":0,"count":19,"filter":"raw"},{"term_id":76,"name":"education week","slug":"education-week","term_group":0,"term_taxonomy_id":76,"taxonomy":"post_tag","description":"","parent":0,"count":1,"filter":"raw"},{"term_id":77,"name":"Newfoundland and Labrador","slug":"newfoundland-and-labrador","term_group":0,"term_taxonomy_id":77,"taxonomy":"post_tag","description":"","parent":0,"count":1,"filter":"raw"},{"term_id":24,"name":"technology","slug":"technology","term_group":0,"term_taxonomy_id":24,"taxonomy":"post_tag","description":"","parent":0,"count":7,"filter":"raw"}],"publishpress_future_action":{"enabled":false,"date":"2026-05-05 16:22:07","action":"change-status","newStatus":"draft","terms":[],"taxonomy":"category","extraData":[]},"publishpress_future_workflow_manual_trigger":{"enabledWorkflows":[]},"_links":{"self":[{"href":"https:\/\/www.cdnsba.org\/fr\/wp-json\/wp\/v2\/posts\/916","targetHints":{"allow":["GET"]}}],"collection":[{"href":"https:\/\/www.cdnsba.org\/fr\/wp-json\/wp\/v2\/posts"}],"about":[{"href":"https:\/\/www.cdnsba.org\/fr\/wp-json\/wp\/v2\/types\/post"}],"author":[{"embeddable":true,"href":"https:\/\/www.cdnsba.org\/fr\/wp-json\/wp\/v2\/users\/1"}],"replies":[{"embeddable":true,"href":"https:\/\/www.cdnsba.org\/fr\/wp-json\/wp\/v2\/comments?post=916"}],"version-history":[{"count":0,"href":"https:\/\/www.cdnsba.org\/fr\/wp-json\/wp\/v2\/posts\/916\/revisions"}],"wp:attachment":[{"href":"https:\/\/www.cdnsba.org\/fr\/wp-json\/wp\/v2\/media?parent=916"}],"wp:term":[{"taxonomy":"category","embeddable":true,"href":"https:\/\/www.cdnsba.org\/fr\/wp-json\/wp\/v2\/categories?post=916"},{"taxonomy":"post_tag","embeddable":true,"href":"https:\/\/www.cdnsba.org\/fr\/wp-json\/wp\/v2\/tags?post=916"}],"curies":[{"name":"wp","href":"https:\/\/api.w.org\/{rel}","templated":true}]}}