{"id":4506,"date":"2010-09-08T21:28:12","date_gmt":"2010-09-09T01:28:12","guid":{"rendered":"http:\/\/cdnsba.org\/?p=416"},"modified":"2010-09-08T21:28:12","modified_gmt":"2010-09-09T01:28:12","slug":"international-literacy-day-a-time-to-reflect-on-the-essential-role-of-literacy-skills-in-canadian-society","status":"publish","type":"post","link":"https:\/\/www.cdnsba.org\/fr\/2010\/09\/08\/international-literacy-day-a-time-to-reflect-on-the-essential-role-of-literacy-skills-in-canadian-society\/","title":{"rendered":"Journ\u00e9e internationale de l'alphab\u00e9tisation : Une occasion de r\u00e9fl\u00e9chir au r\u00f4le essentiel de l'alphab\u00e9tisation dans la soci\u00e9t\u00e9 canadienne"},"content":{"rendered":"<p><a href=\"http:\/\/cdnsba.org\/wp-content\/uploads\/2010\/09\/iStock_000013026790XSmall.jpg\"><img decoding=\"async\" class=\"alignleft size-full wp-image-423 lazyload\" title=\"\u00c9tudiants en cours d&#039;\u00e9tudes\" data-src=\"http:\/\/cdnsba.org\/wp-content\/uploads\/2010\/09\/iStock_000013026790XSmall.jpg\" alt=\"\" width=\"170\" height=\"254\" src=\"data:image\/svg+xml;base64,PHN2ZyB3aWR0aD0iMSIgaGVpZ2h0PSIxIiB4bWxucz0iaHR0cDovL3d3dy53My5vcmcvMjAwMC9zdmciPjwvc3ZnPg==\" style=\"--smush-placeholder-width: 170px; --smush-placeholder-aspect-ratio: 170\/254;\" \/><\/a><\/p>\n<p>Le 8 septembre est la Journ\u00e9e internationale de l'alphab\u00e9tisation, et tant la <a href=\"http:\/\/www.rhdcc-hrsdc.gc.ca\/eng\/corporate\/skills\/ild.shtml\" target=\"_blank\" rel=\"noopener\">Gouvernement du Canada<\/a> et le <a href=\"http:\/\/www.cmec.ca\/Press\/2010\/Pages\/2010-09-08.aspx\" target=\"_blank\" rel=\"noopener\">Conseil des ministres de l'\u00e9ducation<\/a> ont publi\u00e9 des d\u00e9clarations sur la valeur de l'alphab\u00e9tisation tout au long de la vie dans la soci\u00e9t\u00e9 canadienne.<\/p>\n<p>Cr\u00e9\u00e9e par l'UNESCO en 1965, la Journ\u00e9e internationale de l'alphab\u00e9tisation vise \u00e0 sensibiliser \u00e0 l'importance de l'alphab\u00e9tisation dans notre soci\u00e9t\u00e9. Au Canada, l'alphab\u00e9tisation est abord\u00e9e aux niveaux f\u00e9d\u00e9ral et provincial afin de garantir que les Canadiens poss\u00e8dent les comp\u00e9tences dont ils ont besoin pour r\u00e9ussir sur le march\u00e9 du travail et dans leur communaut\u00e9.<\/p>\n<p>Selon la <a href=\"http:\/\/www.oecd.org\/document\/2\/0,3343,en_2649_39263294_2670850_1_1_1_1,00.html\" target=\"_blank\" rel=\"noopener\">Organisation de coop\u00e9ration et de d\u00e9veloppement \u00e9conomiques<\/a>Plus de 48% des adultes canadiens ne poss\u00e8dent pas les comp\u00e9tences en lecture et en \u00e9criture dont ils ont besoin pour se d\u00e9brouiller dans la soci\u00e9t\u00e9 (lire, comprendre et fonctionner efficacement avec des documents \u00e9crits).<\/p>\n<p>Les <a href=\"http:\/\/www.ccl-cca.ca\/CCL\/Home.html\" target=\"_blank\" rel=\"noopener\">Conseil canadien de l'apprentissage <\/a>a publi\u00e9 aujourd'hui une nouvelle \u00e9tude qui co\u00efncide avec la Journ\u00e9e internationale de l'alphab\u00e9tisation. L'\u00e9tude, qui<a href=\"http:\/\/cli.ccl-cca.ca\/pdfs\/ReadingFuture\/FutureLiteracyLargestCities2010_EN.pdf\" target=\"_blank\" rel=\"noopener\">L'avenir de l'alphab\u00e9tisation dans les plus grandes villes du Canada<\/a>Le rapport de la Commission europ\u00e9enne sur les taux d'alphab\u00e9tisation des adultes \u00e0 Montr\u00e9al, Toronto, Vancouver et Ottawa donne des projections sur les taux d'alphab\u00e9tisation des adultes \u00e0 Montr\u00e9al, Toronto, Vancouver et Ottawa. Toutes les villes conna\u00eetront une augmentation du nombre d'adultes faiblement alphab\u00e9tis\u00e9s. Les projections montrent qu'en 2031, 15 millions de Canadiens auront un faible niveau d'alphab\u00e9tisation, soit une augmentation de 25% par rapport \u00e0 2001.<\/p>\n<p>Ressources humaines et d\u00e9veloppement des comp\u00e9tences Canada a identifi\u00e9, par le biais de la <a href=\"http:\/\/www.hrsdc.gc.ca\/eng\/workplaceskills\/essential_skills\/general\/esrp.shtml\" target=\"_blank\" rel=\"noopener\">Comp\u00e9tences essentielles Projet de recherche<\/a>Le programme de formation \u00e0 l'emploi de l'UE comprend neuf comp\u00e9tences essentielles utilis\u00e9es dans toutes les professions et dans la vie de tous les jours. Ces comp\u00e9tences sont les suivantes <a href=\"http:\/\/www.hrsdc.gc.ca\/eng\/workplaceskills\/essential_skills\/general\/Help_section8.shtml\" target=\"_blank\" rel=\"noopener\">Lecture du texte<\/a>, <a href=\"http:\/\/www.hrsdc.gc.ca\/eng\/workplaceskills\/essential_skills\/general\/help_section_du.shtml\" target=\"_blank\" rel=\"noopener\">Utilisation des documents<\/a>, <a href=\"http:\/\/www.hrsdc.gc.ca\/eng\/workplaceskills\/essential_skills\/general\/Help_section26.shtml\" target=\"_blank\" rel=\"noopener\">Num\u00e9ratie<\/a>, <a href=\"http:\/\/www.hrsdc.gc.ca\/eng\/workplaceskills\/essential_skills\/general\/Help_section19.shtml\" target=\"_blank\" rel=\"noopener\">R\u00e9daction<\/a>, <a href=\"http:\/\/www.hrsdc.gc.ca\/eng\/workplaceskills\/essential_skills\/general\/Help_Section42.shtml\">Communication orale<\/a>, <a href=\"http:\/\/www.hrsdc.gc.ca\/eng\/workplaceskills\/essential_skills\/general\/Help_Section62.shtml\" target=\"_blank\" rel=\"noopener\">Travailler avec les autres<\/a>, <a href=\"http:\/\/www.hrsdc.gc.ca\/eng\/workplaceskills\/essential_skills\/general\/Help_section68.shtml\" target=\"_blank\" rel=\"noopener\">Apprentissage continu<\/a>, <a href=\"http:\/\/www.hrsdc.gc.ca\/eng\/workplaceskills\/essential_skills\/general\/Help_section51.shtml\" target=\"_blank\" rel=\"noopener\">Comp\u00e9tences de r\u00e9flexion<\/a>et <a href=\"http:\/\/www.hrsdc.gc.ca\/eng\/workplaceskills\/essential_skills\/general\/Help_section65.shtml\" target=\"_blank\" rel=\"noopener\">Utilisation de l'ordinateur<\/a>.<\/p>\n<p>L'ann\u00e9e derni\u00e8re,\u00a0<a href=\"http:\/\/www.hrsdc.gc.ca:80\/eng\/home.shtml\" target=\"_blank\" rel=\"noopener\">Ressources humaines et d\u00e9veloppement des comp\u00e9tences Canada<\/a> a cr\u00e9\u00e9 le <a href=\"http:\/\/www.hrsdc.gc.ca\/eng\/workplaceskills\/oles\/olesindex_en.shtml\" target=\"_blank\" rel=\"noopener\">Bureau de l'alphab\u00e9tisation et des comp\u00e9tences essentielles<\/a>qui vise \u00e0 cr\u00e9er un centre d'expertise pour les meilleures pratiques en mati\u00e8re d'am\u00e9lioration des comp\u00e9tences en lecture et en \u00e9criture pour tous les Canadiens.<\/p>\n<p>\u00c0 l'occasion de la Journ\u00e9e internationale de l'alphab\u00e9tisation, le Conseil des ministres de l'\u00e9ducation a cr\u00e9\u00e9 un site web. <a href=\"http:\/\/www.cmec.ca\/Programs\/lit\/events\/Pages\/ild.aspx\" target=\"_blank\" rel=\"noopener\">page de ressources<\/a> sur les possibilit\u00e9s d'alphab\u00e9tisation et de formation dans chaque province et territoire.<\/p>","protected":false},"excerpt":{"rendered":"<p>Le 8 septembre est la Journ\u00e9e internationale de l'alphab\u00e9tisation, et le gouvernement du Canada ainsi que le Conseil des ministres de l'\u00e9ducation ont publi\u00e9 des d\u00e9clarations sur la valeur de l'alphab\u00e9tisation tout au long de la vie dans la soci\u00e9t\u00e9 canadienne. Cr\u00e9\u00e9e par l'UNESCO en 1965, la Journ\u00e9e internationale de l'alphab\u00e9tisation vise \u00e0 sensibiliser \u00e0 l'importance de l'alphab\u00e9tisation dans notre soci\u00e9t\u00e9. Au Canada, l'alphab\u00e9tisation...<\/p>","protected":false},"author":1,"featured_media":0,"comment_status":"open","ping_status":"open","sticky":false,"template":"","format":"standard","meta":{"_kad_blocks_custom_css":"","_kad_blocks_head_custom_js":"","_kad_blocks_body_custom_js":"","_kad_blocks_footer_custom_js":"","_EventAllDay":false,"_EventTimezone":"","_EventStartDate":"","_EventEndDate":"","_EventStartDateUTC":"","_EventEndDateUTC":"","_EventShowMap":false,"_EventShowMapLink":false,"_EventURL":"","_EventCost":"","_EventCostDescription":"","_EventCurrencySymbol":"","_EventCurrencyCode":"","_EventCurrencyPosition":"","_EventDateTimeSeparator":"","_EventTimeRangeSeparator":"","_EventOrganizerID":[],"_EventVenueID":[],"_OrganizerEmail":"","_OrganizerPhone":"","_OrganizerWebsite":"","_VenueAddress":"","_VenueCity":"","_VenueCountry":"","_VenueProvince":"","_VenueState":"","_VenueZip":"","_VenuePhone":"","_VenueURL":"","_VenueStateProvince":"","_VenueLat":"","_VenueLng":"","_VenueShowMap":false,"_VenueShowMapLink":false,"_kad_post_transparent":"","_kad_post_title":"","_kad_post_layout":"","_kad_post_sidebar_id":"","_kad_post_content_style":"","_kad_post_vertical_padding":"","_kad_post_feature":"","_kad_post_feature_position":"","_kad_post_header":false,"_kad_post_footer":false,"_kad_post_classname":"","footnotes":""},"categories":[5,28,49,45],"tags":[],"class_list":["post-4506","post","type-post","status-publish","format-standard","hentry","category-announcements","category-education-in-canada","category-featured","category-reports"],"taxonomy_info":{"category":[{"value":5,"label":"Announcements"},{"value":28,"label":"Education in Canada"},{"value":49,"label":"Featured"},{"value":45,"label":"Reports"}]},"featured_image_src_large":false,"author_info":{"display_name":"digitalfusion","author_link":"https:\/\/www.cdnsba.org\/fr\/author\/digitalfusion\/"},"comment_info":0,"category_info":[{"term_id":5,"name":"Announcements","slug":"announcements","term_group":0,"term_taxonomy_id":5,"taxonomy":"category","description":"","parent":0,"count":164,"filter":"raw","cat_ID":5,"category_count":164,"category_description":"","cat_name":"Announcements","category_nicename":"announcements","category_parent":0},{"term_id":28,"name":"Education in Canada","slug":"education-in-canada","term_group":0,"term_taxonomy_id":28,"taxonomy":"category","description":"","parent":0,"count":60,"filter":"raw","cat_ID":28,"category_count":60,"category_description":"","cat_name":"Education in Canada","category_nicename":"education-in-canada","category_parent":0},{"term_id":49,"name":"Featured","slug":"featured","term_group":0,"term_taxonomy_id":49,"taxonomy":"category","description":"","parent":0,"count":148,"filter":"raw","cat_ID":49,"category_count":148,"category_description":"","cat_name":"Featured","category_nicename":"featured","category_parent":0},{"term_id":45,"name":"Reports","slug":"reports","term_group":0,"term_taxonomy_id":45,"taxonomy":"category","description":"","parent":0,"count":16,"filter":"raw","cat_ID":45,"category_count":16,"category_description":"","cat_name":"Reports","category_nicename":"reports","category_parent":0}],"tag_info":false,"publishpress_future_action":{"enabled":false,"date":"2026-05-03 13:03:57","action":"change-status","newStatus":"draft","terms":[],"taxonomy":"category","extraData":[]},"publishpress_future_workflow_manual_trigger":{"enabledWorkflows":[]},"_links":{"self":[{"href":"https:\/\/www.cdnsba.org\/fr\/wp-json\/wp\/v2\/posts\/4506","targetHints":{"allow":["GET"]}}],"collection":[{"href":"https:\/\/www.cdnsba.org\/fr\/wp-json\/wp\/v2\/posts"}],"about":[{"href":"https:\/\/www.cdnsba.org\/fr\/wp-json\/wp\/v2\/types\/post"}],"author":[{"embeddable":true,"href":"https:\/\/www.cdnsba.org\/fr\/wp-json\/wp\/v2\/users\/1"}],"replies":[{"embeddable":true,"href":"https:\/\/www.cdnsba.org\/fr\/wp-json\/wp\/v2\/comments?post=4506"}],"version-history":[{"count":0,"href":"https:\/\/www.cdnsba.org\/fr\/wp-json\/wp\/v2\/posts\/4506\/revisions"}],"wp:attachment":[{"href":"https:\/\/www.cdnsba.org\/fr\/wp-json\/wp\/v2\/media?parent=4506"}],"wp:term":[{"taxonomy":"category","embeddable":true,"href":"https:\/\/www.cdnsba.org\/fr\/wp-json\/wp\/v2\/categories?post=4506"},{"taxonomy":"post_tag","embeddable":true,"href":"https:\/\/www.cdnsba.org\/fr\/wp-json\/wp\/v2\/tags?post=4506"}],"curies":[{"name":"wp","href":"https:\/\/api.w.org\/{rel}","templated":true}]}}