{"id":1100,"date":"2011-06-20T21:53:26","date_gmt":"2011-06-21T01:53:26","guid":{"rendered":"http:\/\/cdnsba.org\/?p=1100"},"modified":"2011-06-20T21:53:26","modified_gmt":"2011-06-21T01:53:26","slug":"canadians-celebrate-national-aboriginal-day","status":"publish","type":"post","link":"https:\/\/www.cdnsba.org\/fr\/2011\/06\/20\/canadians-celebrate-national-aboriginal-day\/","title":{"rendered":"Les Canadiens c\u00e9l\u00e8brent la Journ\u00e9e nationale des Autochtones"},"content":{"rendered":"<p>Le 21 juin marque la Journ\u00e9e nationale des Autochtones, une journ\u00e9e destin\u00e9e \u00e0 c\u00e9l\u00e9brer les contributions et les r\u00e9alisations des Premi\u00e8res nations, des M\u00e9tis et des Inuits du Canada. La Journ\u00e9e nationale des Autochtones a \u00e9t\u00e9 officiellement <a href=\"http:\/\/www.ainc-inac.gc.ca\/ach\/ev\/nad\/his\/ggp-eng.asp\" target=\"_blank\" rel=\"noopener\">proclam\u00e9<\/a> par l'ancien gouverneur g\u00e9n\u00e9ral Rom\u00e9o LeBlanc en 1996. En outre, le mois de juin est le Mois de l'histoire autochtone.<\/p>\n<p>http:\/\/www.youtube.com\/watch?v=QlARu_S-wZg<\/p>\n<p>Un certain nombre de sites web proposent des informations sur l'histoire de la Journ\u00e9e nationale des Autochtones, ainsi que sur les manifestations r\u00e9gionales organis\u00e9es d'un bout \u00e0 l'autre du pays.<\/p>\n<p><a href=\"http:\/\/www.aboriginalcanada.gc.ca\/acp\/site.nsf\/eng\/index.html\" target=\"_blank\" rel=\"noopener\">Portail des Autochtones au Canada - Gouvernement du Canada<\/a><\/p>\n<p><a href=\"http:\/\/www.pch.gc.ca\/special\/canada\/11\/jna-nad-eng.cfm\" target=\"_blank\" rel=\"noopener\">Patrimoine canadien<\/a><\/p>\n<p><a href=\"http:\/\/www.ainc-inac.gc.ca\/ach\/ev\/nad\/his\/bgr-eng.asp\" target=\"_blank\" rel=\"noopener\">Affaires autochtones et d\u00e9veloppement du Nord Canada<\/a><\/p>\n<p>Pour plus d'informations, veuillez consulter les sites web de nos associations provinciales membres :<\/p>\n<p><a href=\"http:\/\/www.opsba.org\/index.php?q=articles\/celebrate_national_aboriginal_day_on_june_21_2011\" target=\"_blank\" rel=\"noopener\">Association des conseils scolaires publics de l'Ontario<\/a><\/p>\n<p><a href=\"http:\/\/www.saskschoolboards.ca\/aedp\/events\/NationalTrusteesGathering.pdf\" target=\"_blank\" rel=\"noopener\">Association des conseils scolaires de la Saskatchewan<\/a> (Rassemblement national des administrateurs autochtones)<\/p>\n<p>&nbsp;<\/p>\n<p>&nbsp;<\/p>","protected":false},"excerpt":{"rendered":"<p>Le 21 juin marque la Journ\u00e9e nationale des Autochtones, une journ\u00e9e destin\u00e9e \u00e0 c\u00e9l\u00e9brer les contributions et les r\u00e9alisations des Premi\u00e8res nations, des M\u00e9tis et des Inuits du Canada. La Journ\u00e9e nationale des Autochtones a \u00e9t\u00e9 officiellement proclam\u00e9e par l'ancien gouverneur g\u00e9n\u00e9ral Rom\u00e9o LeBlanc en 1996. En outre, le mois de juin est le Mois de l'histoire autochtone. http:\/\/www.youtube.com\/watch?v=QlARu_S-wZg Un certain nombre de sites Web offrent des informations sur l'histoire...<\/p>","protected":false},"author":1,"featured_media":0,"comment_status":"open","ping_status":"open","sticky":false,"template":"","format":"standard","meta":{"_kad_blocks_custom_css":"","_kad_blocks_head_custom_js":"","_kad_blocks_body_custom_js":"","_kad_blocks_footer_custom_js":"","_EventAllDay":false,"_EventTimezone":"","_EventStartDate":"","_EventEndDate":"","_EventStartDateUTC":"","_EventEndDateUTC":"","_EventShowMap":false,"_EventShowMapLink":false,"_EventURL":"","_EventCost":"","_EventCostDescription":"","_EventCurrencySymbol":"","_EventCurrencyCode":"","_EventCurrencyPosition":"","_EventDateTimeSeparator":"","_EventTimeRangeSeparator":"","_EventOrganizerID":[],"_EventVenueID":[],"_OrganizerEmail":"","_OrganizerPhone":"","_OrganizerWebsite":"","_VenueAddress":"","_VenueCity":"","_VenueCountry":"","_VenueProvince":"","_VenueState":"","_VenueZip":"","_VenuePhone":"","_VenueURL":"","_VenueStateProvince":"","_VenueLat":"","_VenueLng":"","_VenueShowMap":false,"_VenueShowMapLink":false,"_kad_post_transparent":"","_kad_post_title":"","_kad_post_layout":"","_kad_post_sidebar_id":"","_kad_post_content_style":"","_kad_post_vertical_padding":"","_kad_post_feature":"","_kad_post_feature_position":"","_kad_post_header":false,"_kad_post_footer":false,"_kad_post_classname":"","footnotes":""},"categories":[5],"tags":[32,83,6,84],"class_list":["post-1100","post","type-post","status-publish","format-standard","hentry","category-announcements","tag-aboriginal-education","tag-aboriginal-history","tag-announcements","tag-national-aboriginal-day"],"taxonomy_info":{"category":[{"value":5,"label":"Announcements"}],"post_tag":[{"value":32,"label":"aboriginal education"},{"value":83,"label":"Aboriginal history"},{"value":6,"label":"Announcements"},{"value":84,"label":"National Aboriginal Day"}]},"featured_image_src_large":false,"author_info":{"display_name":"digitalfusion","author_link":"https:\/\/www.cdnsba.org\/fr\/author\/digitalfusion\/"},"comment_info":0,"category_info":[{"term_id":5,"name":"Announcements","slug":"announcements","term_group":0,"term_taxonomy_id":5,"taxonomy":"category","description":"","parent":0,"count":164,"filter":"raw","cat_ID":5,"category_count":164,"category_description":"","cat_name":"Announcements","category_nicename":"announcements","category_parent":0}],"tag_info":[{"term_id":32,"name":"aboriginal education","slug":"aboriginal-education","term_group":0,"term_taxonomy_id":32,"taxonomy":"post_tag","description":"","parent":0,"count":14,"filter":"raw"},{"term_id":83,"name":"Aboriginal history","slug":"aboriginal-history","term_group":0,"term_taxonomy_id":83,"taxonomy":"post_tag","description":"","parent":0,"count":1,"filter":"raw"},{"term_id":6,"name":"Announcements","slug":"announcements","term_group":0,"term_taxonomy_id":6,"taxonomy":"post_tag","description":"","parent":0,"count":19,"filter":"raw"},{"term_id":84,"name":"National Aboriginal Day","slug":"national-aboriginal-day","term_group":0,"term_taxonomy_id":84,"taxonomy":"post_tag","description":"","parent":0,"count":1,"filter":"raw"}],"publishpress_future_action":{"enabled":false,"date":"2026-05-03 12:46:37","action":"change-status","newStatus":"draft","terms":[],"taxonomy":"category","extraData":[]},"publishpress_future_workflow_manual_trigger":{"enabledWorkflows":[]},"_links":{"self":[{"href":"https:\/\/www.cdnsba.org\/fr\/wp-json\/wp\/v2\/posts\/1100","targetHints":{"allow":["GET"]}}],"collection":[{"href":"https:\/\/www.cdnsba.org\/fr\/wp-json\/wp\/v2\/posts"}],"about":[{"href":"https:\/\/www.cdnsba.org\/fr\/wp-json\/wp\/v2\/types\/post"}],"author":[{"embeddable":true,"href":"https:\/\/www.cdnsba.org\/fr\/wp-json\/wp\/v2\/users\/1"}],"replies":[{"embeddable":true,"href":"https:\/\/www.cdnsba.org\/fr\/wp-json\/wp\/v2\/comments?post=1100"}],"version-history":[{"count":0,"href":"https:\/\/www.cdnsba.org\/fr\/wp-json\/wp\/v2\/posts\/1100\/revisions"}],"wp:attachment":[{"href":"https:\/\/www.cdnsba.org\/fr\/wp-json\/wp\/v2\/media?parent=1100"}],"wp:term":[{"taxonomy":"category","embeddable":true,"href":"https:\/\/www.cdnsba.org\/fr\/wp-json\/wp\/v2\/categories?post=1100"},{"taxonomy":"post_tag","embeddable":true,"href":"https:\/\/www.cdnsba.org\/fr\/wp-json\/wp\/v2\/tags?post=1100"}],"curies":[{"name":"wp","href":"https:\/\/api.w.org\/{rel}","templated":true}]}}